{"id":69,"date":"2017-10-13T08:46:53","date_gmt":"2017-10-13T06:46:53","guid":{"rendered":"http:\/\/mjclothes.pl\/?p=69"},"modified":"2017-10-26T08:52:52","modified_gmt":"2017-10-26T06:52:52","slug":"jesienno-zimowe-plaszcze-kurtki-i-inne-czesci-garderoby","status":"publish","type":"post","link":"https:\/\/mjclothes.pl\/index.php\/2017\/10\/13\/jesienno-zimowe-plaszcze-kurtki-i-inne-czesci-garderoby\/","title":{"rendered":"Jesienno-zimowe p\u0142aszcze, kurtki i inne cz\u0119\u015bci garderoby"},"content":{"rendered":"<p><img loading=\"lazy\" decoding=\"async\" class=\"alignnone size-full\" src=\"https:\/\/images.pexels.com\/photos\/415274\/pexels-photo-415274.jpeg?h=350&amp;auto=compress&amp;cs=tinysrgb\" alt=\"meskie-plaszcze\" width=\"525\" height=\"350\" \/><\/p>\n<p><span style=\"font-weight: 400;\">Jesienno-zimowa aura za oknem sprawia, \u017ce konieczne jest wyci\u0105gni\u0119cie z szafy cieplejszych ubra\u0144. Sezon na przezi\u0119bienia mo\u017cna uzna\u0107 za otwarty, wi\u0119c warto zaopatrzy\u0107 si\u0119 w dobr\u0105 ochron\u0119 przed zimnem w postaci swetr\u00f3w, kurtek czy p\u0142aszczy.<\/span><\/p>\n<p><span style=\"font-weight: 400;\">Co nosimy jesieni\u0105 i zim\u0105?<\/span><\/p>\n<p><span style=\"font-weight: 400;\">Na pierwszy plan wysuwaj\u0105 si\u0119 swetry. Najpierw te cienkie u schy\u0142ku lata, a nast\u0119pnie coraz grubsze i bardziej okrywaj\u0105ce. Mog\u0105 by\u0107 one wykonane z r\u00f3\u017cnych materia\u0142\u00f3w, jak akryl, jednak te we\u0142niane lub z domieszk\u0105 we\u0142nianych w\u0142\u00f3kien kr\u00f3luj\u0105 ze wzgl\u0119du na swoje termalne w\u0142a\u015bciwo\u015bci.<\/span><\/p>\n<p><span style=\"font-weight: 400;\">R\u00f3wnie\u017c bluzy dresowe, szczeg\u00f3lnie te podszyte ciep\u0142ym futerkiem s\u0105 ch\u0119tnie noszone zar\u00f3wno przez panie jak i pan\u00f3w. <\/span><\/p>\n<p><span style=\"font-weight: 400;\">Je\u015bli chodzi o okrycia wierzchnie ch\u0119tnie kupowane s\u0105 pikowane kurtki puchowe. Pozwalaj\u0105 one na przetrwanie mroz\u00f3w i wiatru. Dodatkowo mog\u0105 posiada\u0107 specjalne warstwy termalne, co jest zawsze na plus.<\/span><\/p>\n<p><span style=\"font-weight: 400;\">Nie mo\u017cna zapomina\u0107 tutaj p\u0142aszczach.\u00a0 <a href=\"https:\/\/dstreet.pl\/pol_m_ODZIEZ-MESKA_Plaszcze-164.html\">Eleganckie i ciep\u0142e m\u0119skie p\u0142aszcze<\/a> mo\u017cna spotka\u0107 w przer\u00f3\u017cnych kolorach i fasonach. Tutaj r\u00f3wnie\u017c \u015bwietnie sprawdza si\u0119 dodatek we\u0142ny, co niew\u0105tpliwie podnosi te\u017c cen\u0119 danej rzeczy. W tym sezonie r\u00f3wnie\u017c \u015bwietnie sprzedaj\u0105 si\u0119 eleganckie p\u0142aszcze zimowe. \u015awi\u0119ta Bo\u017cego Narodzenia czy sylwester to g\u0142\u00f3wne okazje kiedy ludzie ch\u0119tniej si\u0119gaj\u0105 po bardziej ekskluzywne kroje.<\/span><\/p>\n<p><span style=\"font-weight: 400;\">Dodatkiem do wymienionych ciep\u0142ych cz\u0119\u015bci garderoby s\u0105 oczywi\u015bcie wszelkiego rodzaju czapki, szaliki oraz r\u0119kawiczki. Mo\u017cna tutaj postawi\u0107 na oryginalno\u015b\u0107 i wybra\u0107 ciekawe modele, jak chocia\u017cby r\u0119kawiczki bez palc\u00f3w czy modne kapelusze.<\/span><\/p>\n","protected":false},"excerpt":{"rendered":"<p>Jesienno-zimowa aura za oknem sprawia, \u017ce konieczne jest wyci\u0105gni\u0119cie z szafy cieplejszych ubra\u0144. Sezon na przezi\u0119bienia mo\u017cna uzna\u0107 za otwarty, wi\u0119c warto zaopatrzy\u0107 si\u0119 w dobr\u0105 ochron\u0119 przed zimnem w postaci swetr\u00f3w, kurtek czy p\u0142aszczy. Co nosimy jesieni\u0105 i zim\u0105? Na pierwszy plan wysuwaj\u0105 si\u0119 swetry. Najpierw te cienkie u schy\u0142ku lata, a nast\u0119pnie coraz&hellip;&nbsp;<a href=\"https:\/\/mjclothes.pl\/index.php\/2017\/10\/13\/jesienno-zimowe-plaszcze-kurtki-i-inne-czesci-garderoby\/\" rel=\"bookmark\"><span class=\"screen-reader-text\">Jesienno-zimowe p\u0142aszcze, kurtki i inne cz\u0119\u015bci garderoby<\/span><\/a><\/p>\n","protected":false},"author":1,"featured_media":0,"comment_status":"open","ping_status":"open","sticky":false,"template":"","format":"standard","meta":{"neve_meta_sidebar":"","neve_meta_container":"","neve_meta_enable_content_width":"","neve_meta_content_width":0,"neve_meta_title_alignment":"","neve_meta_author_avatar":"","neve_post_elements_order":"","neve_meta_disable_header":"","neve_meta_disable_footer":"","neve_meta_disable_title":"","footnotes":""},"categories":[2],"tags":[],"class_list":["post-69","post","type-post","status-publish","format-standard","hentry","category-moda"],"_links":{"self":[{"href":"https:\/\/mjclothes.pl\/index.php\/wp-json\/wp\/v2\/posts\/69","targetHints":{"allow":["GET"]}}],"collection":[{"href":"https:\/\/mjclothes.pl\/index.php\/wp-json\/wp\/v2\/posts"}],"about":[{"href":"https:\/\/mjclothes.pl\/index.php\/wp-json\/wp\/v2\/types\/post"}],"author":[{"embeddable":true,"href":"https:\/\/mjclothes.pl\/index.php\/wp-json\/wp\/v2\/users\/1"}],"replies":[{"embeddable":true,"href":"https:\/\/mjclothes.pl\/index.php\/wp-json\/wp\/v2\/comments?post=69"}],"version-history":[{"count":1,"href":"https:\/\/mjclothes.pl\/index.php\/wp-json\/wp\/v2\/posts\/69\/revisions"}],"predecessor-version":[{"id":70,"href":"https:\/\/mjclothes.pl\/index.php\/wp-json\/wp\/v2\/posts\/69\/revisions\/70"}],"wp:attachment":[{"href":"https:\/\/mjclothes.pl\/index.php\/wp-json\/wp\/v2\/media?parent=69"}],"wp:term":[{"taxonomy":"category","embeddable":true,"href":"https:\/\/mjclothes.pl\/index.php\/wp-json\/wp\/v2\/categories?post=69"},{"taxonomy":"post_tag","embeddable":true,"href":"https:\/\/mjclothes.pl\/index.php\/wp-json\/wp\/v2\/tags?post=69"}],"curies":[{"name":"wp","href":"https:\/\/api.w.org\/{rel}","templated":true}]}}